{"id":9631,"date":"2019-06-07T14:45:27","date_gmt":"2019-06-07T12:45:27","guid":{"rendered":"http:\/\/japper02.webfactional.com\/?p=9631"},"modified":"2025-05-02T12:29:24","modified_gmt":"2025-05-02T10:29:24","slug":"era-cuestion-de-tiempo-coches-nuevos-ferrari","status":"publish","type":"post","link":"https:\/\/www.drivemebarcelona.com\/es\/blog\/era-cuestion-de-tiempo-coches-nuevos-ferrari\/","title":{"rendered":"\u201cFerrari, Ferrari, Ferrari&#8230; \u00a1Era cuesti\u00f3n de tiempo!\u00bb"},"content":{"rendered":"<div class=\"wp-block-image\">\n<figure class=\"aligncenter\"><img loading=\"lazy\" decoding=\"async\" width=\"1024\" height=\"576\" src=\"\/wp-content\/uploads\/2019\/06\/09acffb1-722f-4e6c-9f31-3ca6a4513bf5-1-1024x576.jpg\" alt=\"Scuderia Ferrari red, hybrid car, ferrari car models SF90 Stradale\" class=\"wp-image-9643\" srcset=\"https:\/\/www.drivemebarcelona.com\/wp-content\/uploads\/2019\/06\/09acffb1-722f-4e6c-9f31-3ca6a4513bf5-1.jpg 1024w, https:\/\/www.drivemebarcelona.com\/wp-content\/uploads\/2019\/06\/09acffb1-722f-4e6c-9f31-3ca6a4513bf5-1-300x169.jpg 300w, https:\/\/www.drivemebarcelona.com\/wp-content\/uploads\/2019\/06\/09acffb1-722f-4e6c-9f31-3ca6a4513bf5-1-768x432.jpg 768w\" sizes=\"(max-width: 1024px) 100vw, 1024px\" \/><figcaption class=\"wp-element-caption\"> <em>Ferrari SF90 Stradale front,<\/em>&nbsp;photo by Ferrari <\/figcaption><\/figure><\/div>\n\n\n<p> El futuro es hoy, todos sab\u00edamos que tarde o temprano incluso las firmas m\u00e1s fieles a la automoci\u00f3n convencional llegar\u00edan a mostrar su lado m\u00e1s eco-friendly. Ya sea por su compromiso con el medio ambiente o por no quedarse atr\u00e1s a nivel de innovaci\u00f3n y tecnolog\u00eda, poco a poco<a href=\"https:\/\/www.diariomotor.com\/marcas\/\"> las marcas<\/a> han aumentado su oferta con modelos el\u00e9ctricos o h\u00edbridos de sus veh\u00edculos m\u00e1s codiciados. <\/p>\n\n\n\n<p>Esta vez ha sido el gigante del lujo quien ha decidido dar un primer paso hacia esta nueva era de la automoci\u00f3n. La semana pasada<a href=\"https:\/\/www.ferrari.com\/es-ES\"> Ferrari <\/a>present\u00f3 su nuevo modelo <a href=\"https:\/\/www.ferrari.com\/es-ES\/auto\/sf90-stradale\">SF90 Stradale<\/a>, el primer coche de la compa\u00f1\u00eda con motor h\u00edbrido. <\/p>\n\n\n<div class=\"wp-block-image\">\n<figure class=\"aligncenter\"><img loading=\"lazy\" decoding=\"async\" width=\"1024\" height=\"576\" src=\"\/wp-content\/uploads\/2019\/06\/c3b89d3e-2f28-4d60-9775-4d076ccf16e8-1-1024x576.jpg\" alt=\"Scuderia Ferrari red, hybrid car, ferrari car models SF90 Stradale\" class=\"wp-image-9645\" srcset=\"https:\/\/www.drivemebarcelona.com\/wp-content\/uploads\/2019\/06\/c3b89d3e-2f28-4d60-9775-4d076ccf16e8-1.jpg 1024w, https:\/\/www.drivemebarcelona.com\/wp-content\/uploads\/2019\/06\/c3b89d3e-2f28-4d60-9775-4d076ccf16e8-1-300x169.jpg 300w, https:\/\/www.drivemebarcelona.com\/wp-content\/uploads\/2019\/06\/c3b89d3e-2f28-4d60-9775-4d076ccf16e8-1-768x432.jpg 768w\" sizes=\"(max-width: 1024px) 100vw, 1024px\" \/><figcaption class=\"wp-element-caption\"> <em>Ferrari SF90 Stradale twist,<\/em>&nbsp;photo by Ferrari <\/figcaption><\/figure><\/div>\n\n\n<p>Est\u00e1 enteramente dise\u00f1ado para marcar este cambio de \u00e9poca, desde un exterior inspirado en la innovaci\u00f3n y visi\u00f3n de futuro con el objetivo de transmitir lo que es: un deportivo <em>extreme<\/em> de vanguardia; hasta un interior a\u00fan m\u00e1s radical: cabina envolvente con esencia aeron\u00e1utica, sobre todo cuanto a instrumentaci\u00f3n. Del dise\u00f1o de interiores tambi\u00e9n cabe destacar el Head Up Display, que hace que se proyecten diversos datos en el parabrisas dentro del campo de visi\u00f3n del conductor. \u00bfNecesitas algo m\u00e1s para sentirte en el futuro? El dise\u00f1o de este nuevo modelo es el m\u00e1s avanzado de la gama y est\u00e1 orientado a hacer de este un nuevo referente entre los veh\u00edculos hiper-tecnol\u00f3gicos extremos.<\/p>\n\n\n\n<div class=\"wp-block-columns has-2-columns is-layout-flex wp-container-core-columns-is-layout-1 wp-block-columns-is-layout-flex\">\n<div class=\"wp-block-column is-layout-flow wp-block-column-is-layout-flow\"><div class=\"wp-block-image\">\n<figure class=\"aligncenter\"><img loading=\"lazy\" decoding=\"async\" width=\"1024\" height=\"576\" src=\"\/wp-content\/uploads\/2019\/06\/53b12318-9b06-4fb2-8f40-e2630fdb5e9b-2-1024x576.jpg\" alt=\"Scuderia Ferrari red, hybrid car, ferrari car models SF90 Stradale\" class=\"wp-image-9647\" srcset=\"https:\/\/www.drivemebarcelona.com\/wp-content\/uploads\/2019\/06\/53b12318-9b06-4fb2-8f40-e2630fdb5e9b-2.jpg 1024w, https:\/\/www.drivemebarcelona.com\/wp-content\/uploads\/2019\/06\/53b12318-9b06-4fb2-8f40-e2630fdb5e9b-2-300x169.jpg 300w, https:\/\/www.drivemebarcelona.com\/wp-content\/uploads\/2019\/06\/53b12318-9b06-4fb2-8f40-e2630fdb5e9b-2-768x432.jpg 768w\" sizes=\"(max-width: 1024px) 100vw, 1024px\" \/><figcaption class=\"wp-element-caption\"> <em>Ferrari SF90 Stradale top,<\/em>&nbsp;photo by Ferrari <\/figcaption><\/figure><\/div><\/div>\n\n\n\n<div class=\"wp-block-column is-layout-flow wp-block-column-is-layout-flow\"><div class=\"wp-block-image\">\n<figure class=\"aligncenter\"><img loading=\"lazy\" decoding=\"async\" width=\"1024\" height=\"576\" src=\"\/wp-content\/uploads\/2019\/06\/b78b12de-fd57-4c2f-b49f-c2e0f803f767-1-1024x576.jpg\" alt=\"Scuderia Ferrari red, hybrid car, ferrari car models SF90 Stradale\" class=\"wp-image-9649\" srcset=\"https:\/\/www.drivemebarcelona.com\/wp-content\/uploads\/2019\/06\/b78b12de-fd57-4c2f-b49f-c2e0f803f767-1.jpg 1024w, https:\/\/www.drivemebarcelona.com\/wp-content\/uploads\/2019\/06\/b78b12de-fd57-4c2f-b49f-c2e0f803f767-1-300x169.jpg 300w, https:\/\/www.drivemebarcelona.com\/wp-content\/uploads\/2019\/06\/b78b12de-fd57-4c2f-b49f-c2e0f803f767-1-768x432.jpg 768w\" sizes=\"(max-width: 1024px) 100vw, 1024px\" \/><figcaption class=\"wp-element-caption\"> <em>Ferrari SF90 Stradale interior,<\/em>&nbsp;photo by Ferrari <\/figcaption><\/figure><\/div><\/div>\n<\/div>\n\n\n\n<p> Impulsado por un motor V8 de 90\u00ba, entrega la potencia de salida m\u00e1s alta de un 8 cilindros en la historia de Ferrari, 780CV. Los otros 220CV son suministrados por 3 motores el\u00e9ctricos. Una bater\u00eda de litio de alto rendimiento es la encargada de proporcionar la energ\u00eda a estos tres motores garantizando as\u00ed un rango de 25km en modo eDrive (completamente el\u00e9ctrico). En este modo se puede llegar hasta los 135 Km\/h, adem\u00e1s, solo con el modo eDrive se puede usar la marcha atr\u00e1s, lo que significa que el autom\u00f3vil puede maniobrar a baja velocidad sin necesidad de usar el V8.<\/p>\n\n\n<div class=\"wp-block-image\">\n<figure class=\"aligncenter\"><img loading=\"lazy\" decoding=\"async\" width=\"1024\" height=\"576\" src=\"\/wp-content\/uploads\/2019\/06\/f5d85ba0-3d35-4300-a9c0-f11fd8b1fa91-1024x576.jpg\" alt=\"Scuderia Ferrari red, hybrid car, ferrari car models SF90 Stradale\" class=\"wp-image-9651\" srcset=\"https:\/\/www.drivemebarcelona.com\/wp-content\/uploads\/2019\/06\/f5d85ba0-3d35-4300-a9c0-f11fd8b1fa91.jpg 1024w, https:\/\/www.drivemebarcelona.com\/wp-content\/uploads\/2019\/06\/f5d85ba0-3d35-4300-a9c0-f11fd8b1fa91-300x169.jpg 300w, https:\/\/www.drivemebarcelona.com\/wp-content\/uploads\/2019\/06\/f5d85ba0-3d35-4300-a9c0-f11fd8b1fa91-768x432.jpg 768w\" sizes=\"(max-width: 1024px) 100vw, 1024px\" \/><figcaption class=\"wp-element-caption\">  <em>Ferrari SF90 Stradale back,<\/em>&nbsp;photo by Ferrari  <\/figcaption><\/figure><\/div>\n\n\n<p>\n\nDe 0 a 100 en 2,5 segundos, tiene un sofisticado sistema de transmisiones de doble embrague con ocho velocidades diferentes que hace la experiencia de manejo m\u00e1s sencilla y permite al usuario centrarse plenamente en la conducci\u00f3n.\n\n<\/p>\n\n\n\n<p>Ahora solamente queda esperar para poder probarlo e introducirlo en nuestra flota. Mientras, puedes disfrutar de los coches que tenemos disponibles en nuestra flota, como el <a href=\"https:\/\/www.drivemebarcelona.com\/es\/alquilar-ferrari-portofino-m-barcelona\/\">Ferrari Portofino M.<\/a><\/p>\n\n\n\n<hr class=\"wp-block-separator has-css-opacity\"\/>\n\n\n\n<figure class=\"wp-block-gallery has-nested-images columns-default is-cropped wp-block-gallery-1 is-layout-flex wp-block-gallery-is-layout-flex\">\n<figure class=\"wp-block-image\"><img loading=\"lazy\" decoding=\"async\" width=\"1024\" height=\"576\" data-id=\"9655\" src=\"https:\/\/www.drivemebarcelona.com\/wp-content\/uploads\/2019\/06\/09acffb1-722f-4e6c-9f31-3ca6a4513bf5-2-1024x576.jpg\" alt=\"Scuderia Ferrari red, hybrid car, ferrari car models SF90 Stradale\" class=\"wp-image-9655\" srcset=\"https:\/\/www.drivemebarcelona.com\/wp-content\/uploads\/2019\/06\/09acffb1-722f-4e6c-9f31-3ca6a4513bf5-2.jpg 1024w, https:\/\/www.drivemebarcelona.com\/wp-content\/uploads\/2019\/06\/09acffb1-722f-4e6c-9f31-3ca6a4513bf5-2-300x169.jpg 300w, https:\/\/www.drivemebarcelona.com\/wp-content\/uploads\/2019\/06\/09acffb1-722f-4e6c-9f31-3ca6a4513bf5-2-768x432.jpg 768w\" sizes=\"(max-width: 1024px) 100vw, 1024px\" \/><figcaption class=\"wp-element-caption\">  <em>Ferrari SF90 Stradale front,<\/em>&nbsp;photo by Ferrari  <\/figcaption><\/figure>\n\n\n\n<figure class=\"wp-block-image\"><img loading=\"lazy\" decoding=\"async\" width=\"1018\" height=\"720\" data-id=\"9657\" src=\"https:\/\/www.drivemebarcelona.com\/wp-content\/uploads\/2019\/06\/45e74727-283f-4262-b147-e3dfdc1e55ce.jpg\" alt=\"Scuderia Ferrari red, hybrid car, ferrari car models SF90 Stradale\" class=\"wp-image-9657\" srcset=\"https:\/\/www.drivemebarcelona.com\/wp-content\/uploads\/2019\/06\/45e74727-283f-4262-b147-e3dfdc1e55ce.jpg 1018w, https:\/\/www.drivemebarcelona.com\/wp-content\/uploads\/2019\/06\/45e74727-283f-4262-b147-e3dfdc1e55ce-300x212.jpg 300w, https:\/\/www.drivemebarcelona.com\/wp-content\/uploads\/2019\/06\/45e74727-283f-4262-b147-e3dfdc1e55ce-768x543.jpg 768w\" sizes=\"(max-width: 1018px) 100vw, 1018px\" \/><figcaption class=\"wp-element-caption\">  <em>Ferrari SF90 Stradale interior,<\/em>&nbsp;photo by Ferrari  <\/figcaption><\/figure>\n\n\n\n<figure class=\"wp-block-image\"><img loading=\"lazy\" decoding=\"async\" width=\"1024\" height=\"576\" data-id=\"9659\" src=\"https:\/\/www.drivemebarcelona.com\/wp-content\/uploads\/2019\/06\/53b12318-9b06-4fb2-8f40-e2630fdb5e9b-3-1024x576.jpg\" alt=\"Scuderia Ferrari red, hybrid car, ferrari car models SF90 Stradale\" class=\"wp-image-9659\" srcset=\"https:\/\/www.drivemebarcelona.com\/wp-content\/uploads\/2019\/06\/53b12318-9b06-4fb2-8f40-e2630fdb5e9b-3.jpg 1024w, https:\/\/www.drivemebarcelona.com\/wp-content\/uploads\/2019\/06\/53b12318-9b06-4fb2-8f40-e2630fdb5e9b-3-300x169.jpg 300w, https:\/\/www.drivemebarcelona.com\/wp-content\/uploads\/2019\/06\/53b12318-9b06-4fb2-8f40-e2630fdb5e9b-3-768x432.jpg 768w\" sizes=\"(max-width: 1024px) 100vw, 1024px\" \/><figcaption class=\"wp-element-caption\">  <em>Ferrari SF90 Stradale top,<\/em>&nbsp;photo by Ferrari  <\/figcaption><\/figure>\n\n\n\n<figure class=\"wp-block-image\"><img loading=\"lazy\" decoding=\"async\" width=\"1024\" height=\"576\" data-id=\"9661\" src=\"https:\/\/www.drivemebarcelona.com\/wp-content\/uploads\/2019\/06\/6079b891-13fb-4fd4-9970-6004ac79613c-1024x576.jpg\" alt=\"Scuderia Ferrari red, hybrid car, ferrari car models SF90 Stradale\" class=\"wp-image-9661\" srcset=\"https:\/\/www.drivemebarcelona.com\/wp-content\/uploads\/2019\/06\/6079b891-13fb-4fd4-9970-6004ac79613c.jpg 1024w, https:\/\/www.drivemebarcelona.com\/wp-content\/uploads\/2019\/06\/6079b891-13fb-4fd4-9970-6004ac79613c-300x169.jpg 300w, https:\/\/www.drivemebarcelona.com\/wp-content\/uploads\/2019\/06\/6079b891-13fb-4fd4-9970-6004ac79613c-768x432.jpg 768w\" sizes=\"(max-width: 1024px) 100vw, 1024px\" \/><figcaption class=\"wp-element-caption\">  <em>Ferrari SF90 Stradale side,<\/em>&nbsp;photo by Ferrari  <\/figcaption><\/figure>\n\n\n\n<figure class=\"wp-block-image\"><img loading=\"lazy\" decoding=\"async\" width=\"1024\" height=\"576\" data-id=\"9663\" src=\"https:\/\/www.drivemebarcelona.com\/wp-content\/uploads\/2019\/06\/b78b12de-fd57-4c2f-b49f-c2e0f803f767-2-1024x576.jpg\" alt=\"Scuderia Ferrari red, hybrid car, ferrari car models SF90 Stradale\" class=\"wp-image-9663\" srcset=\"https:\/\/www.drivemebarcelona.com\/wp-content\/uploads\/2019\/06\/b78b12de-fd57-4c2f-b49f-c2e0f803f767-2.jpg 1024w, https:\/\/www.drivemebarcelona.com\/wp-content\/uploads\/2019\/06\/b78b12de-fd57-4c2f-b49f-c2e0f803f767-2-300x169.jpg 300w, https:\/\/www.drivemebarcelona.com\/wp-content\/uploads\/2019\/06\/b78b12de-fd57-4c2f-b49f-c2e0f803f767-2-768x432.jpg 768w\" sizes=\"(max-width: 1024px) 100vw, 1024px\" \/><figcaption class=\"wp-element-caption\">  <em>Ferrari SF90 Stradale interior,<\/em>&nbsp;photo by Ferrari  <\/figcaption><\/figure>\n\n\n\n<figure class=\"wp-block-image\"><img loading=\"lazy\" decoding=\"async\" width=\"1024\" height=\"576\" data-id=\"9665\" src=\"https:\/\/www.drivemebarcelona.com\/wp-content\/uploads\/2019\/06\/c3b89d3e-2f28-4d60-9775-4d076ccf16e8-2-1024x576.jpg\" alt=\"Scuderia Ferrari red, hybrid car, ferrari car models SF90 Stradale\" class=\"wp-image-9665\" srcset=\"https:\/\/www.drivemebarcelona.com\/wp-content\/uploads\/2019\/06\/c3b89d3e-2f28-4d60-9775-4d076ccf16e8-2.jpg 1024w, https:\/\/www.drivemebarcelona.com\/wp-content\/uploads\/2019\/06\/c3b89d3e-2f28-4d60-9775-4d076ccf16e8-2-300x169.jpg 300w, https:\/\/www.drivemebarcelona.com\/wp-content\/uploads\/2019\/06\/c3b89d3e-2f28-4d60-9775-4d076ccf16e8-2-768x432.jpg 768w\" sizes=\"(max-width: 1024px) 100vw, 1024px\" \/><figcaption class=\"wp-element-caption\">  <em>Ferrari SF90 Stradale twist,<\/em>&nbsp;photo by Ferrari  <\/figcaption><\/figure>\n\n\n\n<figure class=\"wp-block-image\"><img loading=\"lazy\" decoding=\"async\" width=\"1024\" height=\"576\" data-id=\"9667\" src=\"https:\/\/www.drivemebarcelona.com\/wp-content\/uploads\/2019\/06\/f5d85ba0-3d35-4300-a9c0-f11fd8b1fa91-1-1024x576.jpg\" alt=\"Scuderia Ferrari red, hybrid car, ferrari car models SF90 Stradale\" class=\"wp-image-9667\" srcset=\"https:\/\/www.drivemebarcelona.com\/wp-content\/uploads\/2019\/06\/f5d85ba0-3d35-4300-a9c0-f11fd8b1fa91-1.jpg 1024w, https:\/\/www.drivemebarcelona.com\/wp-content\/uploads\/2019\/06\/f5d85ba0-3d35-4300-a9c0-f11fd8b1fa91-1-300x169.jpg 300w, https:\/\/www.drivemebarcelona.com\/wp-content\/uploads\/2019\/06\/f5d85ba0-3d35-4300-a9c0-f11fd8b1fa91-1-768x432.jpg 768w\" sizes=\"(max-width: 1024px) 100vw, 1024px\" \/><figcaption class=\"wp-element-caption\">   <em>Ferrari SF90 Stradale back,<\/em>&nbsp;photo by Ferrari   <\/figcaption><\/figure>\n<\/figure>\n\n\n\n<hr class=\"wp-block-separator has-css-opacity\"\/>\n","protected":false},"excerpt":{"rendered":"<p>El futuro es hoy, todos sab\u00edamos que tarde o temprano incluso las firmas m\u00e1s fieles a la automoci\u00f3n convencional llegar\u00edan a mostrar su lado m\u00e1s [&hellip;]<\/p>\n","protected":false},"author":9,"featured_media":9633,"comment_status":"closed","ping_status":"closed","sticky":false,"template":"","format":"standard","meta":{"_acf_changed":false,"footnotes":""},"categories":[21],"tags":[],"acf":[],"yoast_head":"<!-- This site is optimized with the Yoast SEO plugin v24.2 - https:\/\/yoast.com\/wordpress\/plugins\/seo\/ -->\n<title>\u201cFerrari, Ferrari, Ferrari... \u00a1Era cuesti\u00f3n de tiempo!&quot; - Drive Me Barcelona<\/title>\n<meta name=\"description\" content=\"Analicemos el nuevo modelo de Ferrari, SF90 Stradale. Un breve resumen de las caracter\u00edsticas del nuevo coche h\u00edbrido que ha presentado la marca Ferrari.\" \/>\n<meta name=\"robots\" content=\"index, follow, max-snippet:-1, max-image-preview:large, max-video-preview:-1\" \/>\n<link rel=\"canonical\" href=\"https:\/\/www.drivemebarcelona.com\/es\/blog\/era-cuestion-de-tiempo-coches-nuevos-ferrari\/\" \/>\n<meta property=\"og:locale\" content=\"es_ES\" \/>\n<meta property=\"og:type\" content=\"article\" \/>\n<meta property=\"og:title\" content=\"\u201cFerrari, Ferrari, Ferrari... \u00a1Era cuesti\u00f3n de tiempo!&quot; - Drive Me Barcelona\" \/>\n<meta property=\"og:description\" content=\"Analicemos el nuevo modelo de Ferrari, SF90 Stradale. Un breve resumen de las caracter\u00edsticas del nuevo coche h\u00edbrido que ha presentado la marca Ferrari.\" \/>\n<meta property=\"og:url\" content=\"https:\/\/www.drivemebarcelona.com\/es\/blog\/era-cuestion-de-tiempo-coches-nuevos-ferrari\/\" \/>\n<meta property=\"og:site_name\" content=\"Drive Me Barcelona\" \/>\n<meta property=\"article:publisher\" content=\"https:\/\/www.facebook.com\/drivemebarcelona\" \/>\n<meta property=\"article:published_time\" content=\"2019-06-07T12:45:27+00:00\" \/>\n<meta property=\"article:modified_time\" content=\"2025-05-02T10:29:24+00:00\" \/>\n<meta property=\"og:image\" content=\"https:\/\/www.drivemebarcelona.com\/wp-content\/uploads\/2019\/06\/09acffb1-722f-4e6c-9f31-3ca6a4513bf5.jpg\" \/>\n\t<meta property=\"og:image:width\" content=\"1024\" \/>\n\t<meta property=\"og:image:height\" content=\"576\" \/>\n\t<meta property=\"og:image:type\" content=\"image\/jpeg\" \/>\n<meta name=\"author\" content=\"Sergi Navarro\" \/>\n<script type=\"application\/ld+json\" class=\"yoast-schema-graph\">{\"@context\":\"https:\/\/schema.org\",\"@graph\":[{\"@type\":\"Article\",\"@id\":\"https:\/\/www.drivemebarcelona.com\/es\/blog\/era-cuestion-de-tiempo-coches-nuevos-ferrari\/#article\",\"isPartOf\":{\"@id\":\"https:\/\/www.drivemebarcelona.com\/es\/blog\/era-cuestion-de-tiempo-coches-nuevos-ferrari\/\"},\"author\":{\"name\":\"Sergi Navarro\",\"@id\":\"https:\/\/www.drivemebarcelona.com\/#\/schema\/person\/9c96c571ecf1bacf729661b94f655ce8\"},\"headline\":\"\u201cFerrari, Ferrari, Ferrari&#8230; \u00a1Era cuesti\u00f3n de tiempo!\u00bb\",\"datePublished\":\"2019-06-07T12:45:27+00:00\",\"dateModified\":\"2025-05-02T10:29:24+00:00\",\"mainEntityOfPage\":{\"@id\":\"https:\/\/www.drivemebarcelona.com\/es\/blog\/era-cuestion-de-tiempo-coches-nuevos-ferrari\/\"},\"wordCount\":524,\"publisher\":{\"@id\":\"https:\/\/www.drivemebarcelona.com\/#organization\"},\"image\":{\"@id\":\"https:\/\/www.drivemebarcelona.com\/es\/blog\/era-cuestion-de-tiempo-coches-nuevos-ferrari\/#primaryimage\"},\"thumbnailUrl\":\"https:\/\/www.drivemebarcelona.com\/wp-content\/uploads\/2019\/06\/09acffb1-722f-4e6c-9f31-3ca6a4513bf5.jpg\",\"articleSection\":[\"Noticias\"],\"inLanguage\":\"es\"},{\"@type\":\"WebPage\",\"@id\":\"https:\/\/www.drivemebarcelona.com\/es\/blog\/era-cuestion-de-tiempo-coches-nuevos-ferrari\/\",\"url\":\"https:\/\/www.drivemebarcelona.com\/es\/blog\/era-cuestion-de-tiempo-coches-nuevos-ferrari\/\",\"name\":\"\u201cFerrari, Ferrari, Ferrari... \u00a1Era cuesti\u00f3n de tiempo!\\\" - Drive Me Barcelona\",\"isPartOf\":{\"@id\":\"https:\/\/www.drivemebarcelona.com\/#website\"},\"primaryImageOfPage\":{\"@id\":\"https:\/\/www.drivemebarcelona.com\/es\/blog\/era-cuestion-de-tiempo-coches-nuevos-ferrari\/#primaryimage\"},\"image\":{\"@id\":\"https:\/\/www.drivemebarcelona.com\/es\/blog\/era-cuestion-de-tiempo-coches-nuevos-ferrari\/#primaryimage\"},\"thumbnailUrl\":\"https:\/\/www.drivemebarcelona.com\/wp-content\/uploads\/2019\/06\/09acffb1-722f-4e6c-9f31-3ca6a4513bf5.jpg\",\"datePublished\":\"2019-06-07T12:45:27+00:00\",\"dateModified\":\"2025-05-02T10:29:24+00:00\",\"description\":\"Analicemos el nuevo modelo de Ferrari, SF90 Stradale. Un breve resumen de las caracter\u00edsticas del nuevo coche h\u00edbrido que ha presentado la marca Ferrari.\",\"breadcrumb\":{\"@id\":\"https:\/\/www.drivemebarcelona.com\/es\/blog\/era-cuestion-de-tiempo-coches-nuevos-ferrari\/#breadcrumb\"},\"inLanguage\":\"es\",\"potentialAction\":[{\"@type\":\"ReadAction\",\"target\":[\"https:\/\/www.drivemebarcelona.com\/es\/blog\/era-cuestion-de-tiempo-coches-nuevos-ferrari\/\"]}]},{\"@type\":\"ImageObject\",\"inLanguage\":\"es\",\"@id\":\"https:\/\/www.drivemebarcelona.com\/es\/blog\/era-cuestion-de-tiempo-coches-nuevos-ferrari\/#primaryimage\",\"url\":\"https:\/\/www.drivemebarcelona.com\/wp-content\/uploads\/2019\/06\/09acffb1-722f-4e6c-9f31-3ca6a4513bf5.jpg\",\"contentUrl\":\"https:\/\/www.drivemebarcelona.com\/wp-content\/uploads\/2019\/06\/09acffb1-722f-4e6c-9f31-3ca6a4513bf5.jpg\",\"width\":1024,\"height\":576,\"caption\":\"Scuderia Ferrari Red, Ferrari SF90 Stradale\"},{\"@type\":\"BreadcrumbList\",\"@id\":\"https:\/\/www.drivemebarcelona.com\/es\/blog\/era-cuestion-de-tiempo-coches-nuevos-ferrari\/#breadcrumb\",\"itemListElement\":[{\"@type\":\"ListItem\",\"position\":1,\"name\":\"Home\",\"item\":\"https:\/\/www.drivemebarcelona.com\/es\/\"},{\"@type\":\"ListItem\",\"position\":2,\"name\":\"\u201cFerrari, Ferrari, Ferrari&#8230; \u00a1Era cuesti\u00f3n de tiempo!&#8221;\"}]},{\"@type\":\"WebSite\",\"@id\":\"https:\/\/www.drivemebarcelona.com\/#website\",\"url\":\"https:\/\/www.drivemebarcelona.com\/\",\"name\":\"Drive Me Barcelona\",\"description\":\"Conduce un Ferrari en Barcelona\",\"publisher\":{\"@id\":\"https:\/\/www.drivemebarcelona.com\/#organization\"},\"potentialAction\":[{\"@type\":\"SearchAction\",\"target\":{\"@type\":\"EntryPoint\",\"urlTemplate\":\"https:\/\/www.drivemebarcelona.com\/?s={search_term_string}\"},\"query-input\":{\"@type\":\"PropertyValueSpecification\",\"valueRequired\":true,\"valueName\":\"search_term_string\"}}],\"inLanguage\":\"es\"},{\"@type\":\"Organization\",\"@id\":\"https:\/\/www.drivemebarcelona.com\/#organization\",\"name\":\"Drive Me Barcelona S.L.\",\"url\":\"https:\/\/www.drivemebarcelona.com\/\",\"logo\":{\"@type\":\"ImageObject\",\"inLanguage\":\"es\",\"@id\":\"https:\/\/www.drivemebarcelona.com\/#\/schema\/logo\/image\/\",\"url\":\"https:\/\/www.drivemebarcelona.com\/wp-content\/uploads\/2015\/01\/LOGO-maintenance\u00ae.png\",\"contentUrl\":\"https:\/\/www.drivemebarcelona.com\/wp-content\/uploads\/2015\/01\/LOGO-maintenance\u00ae.png\",\"width\":600,\"height\":145,\"caption\":\"Drive Me Barcelona S.L.\"},\"image\":{\"@id\":\"https:\/\/www.drivemebarcelona.com\/#\/schema\/logo\/image\/\"},\"sameAs\":[\"https:\/\/www.facebook.com\/drivemebarcelona\",\"https:\/\/x.com\/DriveMeBarcelon\",\"https:\/\/instagram.com\/drivemebarcelona\/\",\"https:\/\/es.pinterest.com\/drivemebarca\/\",\"https:\/\/www.youtube.com\/channel\/UCTBEtyrPd6HQ-QlERO84rxQ\"]},{\"@type\":\"Person\",\"@id\":\"https:\/\/www.drivemebarcelona.com\/#\/schema\/person\/9c96c571ecf1bacf729661b94f655ce8\",\"name\":\"Sergi Navarro\",\"image\":{\"@type\":\"ImageObject\",\"inLanguage\":\"es\",\"@id\":\"https:\/\/www.drivemebarcelona.com\/#\/schema\/person\/image\/\",\"url\":\"https:\/\/secure.gravatar.com\/avatar\/053a33a8951541457ecf939c4045db4b?s=96&d=mm&r=g\",\"contentUrl\":\"https:\/\/secure.gravatar.com\/avatar\/053a33a8951541457ecf939c4045db4b?s=96&d=mm&r=g\",\"caption\":\"Sergi Navarro\"},\"url\":\"https:\/\/www.drivemebarcelona.com\/es\/blog\/author\/social-media\/\"}]}<\/script>\n<!-- \/ Yoast SEO plugin. -->","yoast_head_json":{"title":"\u201cFerrari, Ferrari, Ferrari... \u00a1Era cuesti\u00f3n de tiempo!\" - Drive Me Barcelona","description":"Analicemos el nuevo modelo de Ferrari, SF90 Stradale. Un breve resumen de las caracter\u00edsticas del nuevo coche h\u00edbrido que ha presentado la marca Ferrari.","robots":{"index":"index","follow":"follow","max-snippet":"max-snippet:-1","max-image-preview":"max-image-preview:large","max-video-preview":"max-video-preview:-1"},"canonical":"https:\/\/www.drivemebarcelona.com\/es\/blog\/era-cuestion-de-tiempo-coches-nuevos-ferrari\/","og_locale":"es_ES","og_type":"article","og_title":"\u201cFerrari, Ferrari, Ferrari... \u00a1Era cuesti\u00f3n de tiempo!\" - Drive Me Barcelona","og_description":"Analicemos el nuevo modelo de Ferrari, SF90 Stradale. Un breve resumen de las caracter\u00edsticas del nuevo coche h\u00edbrido que ha presentado la marca Ferrari.","og_url":"https:\/\/www.drivemebarcelona.com\/es\/blog\/era-cuestion-de-tiempo-coches-nuevos-ferrari\/","og_site_name":"Drive Me Barcelona","article_publisher":"https:\/\/www.facebook.com\/drivemebarcelona","article_published_time":"2019-06-07T12:45:27+00:00","article_modified_time":"2025-05-02T10:29:24+00:00","og_image":[{"width":1024,"height":576,"url":"https:\/\/www.drivemebarcelona.com\/wp-content\/uploads\/2019\/06\/09acffb1-722f-4e6c-9f31-3ca6a4513bf5.jpg","type":"image\/jpeg"}],"author":"Sergi Navarro","schema":{"@context":"https:\/\/schema.org","@graph":[{"@type":"Article","@id":"https:\/\/www.drivemebarcelona.com\/es\/blog\/era-cuestion-de-tiempo-coches-nuevos-ferrari\/#article","isPartOf":{"@id":"https:\/\/www.drivemebarcelona.com\/es\/blog\/era-cuestion-de-tiempo-coches-nuevos-ferrari\/"},"author":{"name":"Sergi Navarro","@id":"https:\/\/www.drivemebarcelona.com\/#\/schema\/person\/9c96c571ecf1bacf729661b94f655ce8"},"headline":"\u201cFerrari, Ferrari, Ferrari&#8230; \u00a1Era cuesti\u00f3n de tiempo!\u00bb","datePublished":"2019-06-07T12:45:27+00:00","dateModified":"2025-05-02T10:29:24+00:00","mainEntityOfPage":{"@id":"https:\/\/www.drivemebarcelona.com\/es\/blog\/era-cuestion-de-tiempo-coches-nuevos-ferrari\/"},"wordCount":524,"publisher":{"@id":"https:\/\/www.drivemebarcelona.com\/#organization"},"image":{"@id":"https:\/\/www.drivemebarcelona.com\/es\/blog\/era-cuestion-de-tiempo-coches-nuevos-ferrari\/#primaryimage"},"thumbnailUrl":"https:\/\/www.drivemebarcelona.com\/wp-content\/uploads\/2019\/06\/09acffb1-722f-4e6c-9f31-3ca6a4513bf5.jpg","articleSection":["Noticias"],"inLanguage":"es"},{"@type":"WebPage","@id":"https:\/\/www.drivemebarcelona.com\/es\/blog\/era-cuestion-de-tiempo-coches-nuevos-ferrari\/","url":"https:\/\/www.drivemebarcelona.com\/es\/blog\/era-cuestion-de-tiempo-coches-nuevos-ferrari\/","name":"\u201cFerrari, Ferrari, Ferrari... \u00a1Era cuesti\u00f3n de tiempo!\" - Drive Me Barcelona","isPartOf":{"@id":"https:\/\/www.drivemebarcelona.com\/#website"},"primaryImageOfPage":{"@id":"https:\/\/www.drivemebarcelona.com\/es\/blog\/era-cuestion-de-tiempo-coches-nuevos-ferrari\/#primaryimage"},"image":{"@id":"https:\/\/www.drivemebarcelona.com\/es\/blog\/era-cuestion-de-tiempo-coches-nuevos-ferrari\/#primaryimage"},"thumbnailUrl":"https:\/\/www.drivemebarcelona.com\/wp-content\/uploads\/2019\/06\/09acffb1-722f-4e6c-9f31-3ca6a4513bf5.jpg","datePublished":"2019-06-07T12:45:27+00:00","dateModified":"2025-05-02T10:29:24+00:00","description":"Analicemos el nuevo modelo de Ferrari, SF90 Stradale. Un breve resumen de las caracter\u00edsticas del nuevo coche h\u00edbrido que ha presentado la marca Ferrari.","breadcrumb":{"@id":"https:\/\/www.drivemebarcelona.com\/es\/blog\/era-cuestion-de-tiempo-coches-nuevos-ferrari\/#breadcrumb"},"inLanguage":"es","potentialAction":[{"@type":"ReadAction","target":["https:\/\/www.drivemebarcelona.com\/es\/blog\/era-cuestion-de-tiempo-coches-nuevos-ferrari\/"]}]},{"@type":"ImageObject","inLanguage":"es","@id":"https:\/\/www.drivemebarcelona.com\/es\/blog\/era-cuestion-de-tiempo-coches-nuevos-ferrari\/#primaryimage","url":"https:\/\/www.drivemebarcelona.com\/wp-content\/uploads\/2019\/06\/09acffb1-722f-4e6c-9f31-3ca6a4513bf5.jpg","contentUrl":"https:\/\/www.drivemebarcelona.com\/wp-content\/uploads\/2019\/06\/09acffb1-722f-4e6c-9f31-3ca6a4513bf5.jpg","width":1024,"height":576,"caption":"Scuderia Ferrari Red, Ferrari SF90 Stradale"},{"@type":"BreadcrumbList","@id":"https:\/\/www.drivemebarcelona.com\/es\/blog\/era-cuestion-de-tiempo-coches-nuevos-ferrari\/#breadcrumb","itemListElement":[{"@type":"ListItem","position":1,"name":"Home","item":"https:\/\/www.drivemebarcelona.com\/es\/"},{"@type":"ListItem","position":2,"name":"\u201cFerrari, Ferrari, Ferrari&#8230; \u00a1Era cuesti\u00f3n de tiempo!&#8221;"}]},{"@type":"WebSite","@id":"https:\/\/www.drivemebarcelona.com\/#website","url":"https:\/\/www.drivemebarcelona.com\/","name":"Drive Me Barcelona","description":"Conduce un Ferrari en Barcelona","publisher":{"@id":"https:\/\/www.drivemebarcelona.com\/#organization"},"potentialAction":[{"@type":"SearchAction","target":{"@type":"EntryPoint","urlTemplate":"https:\/\/www.drivemebarcelona.com\/?s={search_term_string}"},"query-input":{"@type":"PropertyValueSpecification","valueRequired":true,"valueName":"search_term_string"}}],"inLanguage":"es"},{"@type":"Organization","@id":"https:\/\/www.drivemebarcelona.com\/#organization","name":"Drive Me Barcelona S.L.","url":"https:\/\/www.drivemebarcelona.com\/","logo":{"@type":"ImageObject","inLanguage":"es","@id":"https:\/\/www.drivemebarcelona.com\/#\/schema\/logo\/image\/","url":"https:\/\/www.drivemebarcelona.com\/wp-content\/uploads\/2015\/01\/LOGO-maintenance\u00ae.png","contentUrl":"https:\/\/www.drivemebarcelona.com\/wp-content\/uploads\/2015\/01\/LOGO-maintenance\u00ae.png","width":600,"height":145,"caption":"Drive Me Barcelona S.L."},"image":{"@id":"https:\/\/www.drivemebarcelona.com\/#\/schema\/logo\/image\/"},"sameAs":["https:\/\/www.facebook.com\/drivemebarcelona","https:\/\/x.com\/DriveMeBarcelon","https:\/\/instagram.com\/drivemebarcelona\/","https:\/\/es.pinterest.com\/drivemebarca\/","https:\/\/www.youtube.com\/channel\/UCTBEtyrPd6HQ-QlERO84rxQ"]},{"@type":"Person","@id":"https:\/\/www.drivemebarcelona.com\/#\/schema\/person\/9c96c571ecf1bacf729661b94f655ce8","name":"Sergi Navarro","image":{"@type":"ImageObject","inLanguage":"es","@id":"https:\/\/www.drivemebarcelona.com\/#\/schema\/person\/image\/","url":"https:\/\/secure.gravatar.com\/avatar\/053a33a8951541457ecf939c4045db4b?s=96&d=mm&r=g","contentUrl":"https:\/\/secure.gravatar.com\/avatar\/053a33a8951541457ecf939c4045db4b?s=96&d=mm&r=g","caption":"Sergi Navarro"},"url":"https:\/\/www.drivemebarcelona.com\/es\/blog\/author\/social-media\/"}]}},"_links":{"self":[{"href":"https:\/\/www.drivemebarcelona.com\/es\/wp-json\/wp\/v2\/posts\/9631"}],"collection":[{"href":"https:\/\/www.drivemebarcelona.com\/es\/wp-json\/wp\/v2\/posts"}],"about":[{"href":"https:\/\/www.drivemebarcelona.com\/es\/wp-json\/wp\/v2\/types\/post"}],"author":[{"embeddable":true,"href":"https:\/\/www.drivemebarcelona.com\/es\/wp-json\/wp\/v2\/users\/9"}],"replies":[{"embeddable":true,"href":"https:\/\/www.drivemebarcelona.com\/es\/wp-json\/wp\/v2\/comments?post=9631"}],"version-history":[{"count":2,"href":"https:\/\/www.drivemebarcelona.com\/es\/wp-json\/wp\/v2\/posts\/9631\/revisions"}],"predecessor-version":[{"id":22709,"href":"https:\/\/www.drivemebarcelona.com\/es\/wp-json\/wp\/v2\/posts\/9631\/revisions\/22709"}],"wp:featuredmedia":[{"embeddable":true,"href":"https:\/\/www.drivemebarcelona.com\/es\/wp-json\/wp\/v2\/media\/9633"}],"wp:attachment":[{"href":"https:\/\/www.drivemebarcelona.com\/es\/wp-json\/wp\/v2\/media?parent=9631"}],"wp:term":[{"taxonomy":"category","embeddable":true,"href":"https:\/\/www.drivemebarcelona.com\/es\/wp-json\/wp\/v2\/categories?post=9631"},{"taxonomy":"post_tag","embeddable":true,"href":"https:\/\/www.drivemebarcelona.com\/es\/wp-json\/wp\/v2\/tags?post=9631"}],"curies":[{"name":"wp","href":"https:\/\/api.w.org\/{rel}","templated":true}]}}